{"id":407,"date":"1942-02-25T16:55:31","date_gmt":"1942-02-25T14:55:31","guid":{"rendered":"http:\/\/leszno1939-45.muzeumleszno.pl\/?p=407"},"modified":"2019-08-06T14:11:52","modified_gmt":"2019-08-06T12:11:52","slug":"widok-na-adolf-hitlerstrasse-ulica-slowianska-w-strone-budynku-poczty-pomiedzy-1939-a-1945-r","status":"publish","type":"post","link":"http:\/\/leszno1939-45.muzeumleszno.pl\/index.php\/1942\/02\/25\/widok-na-adolf-hitlerstrasse-ulica-slowianska-w-strone-budynku-poczty-pomiedzy-1939-a-1945-r\/","title":{"rendered":"Widok na Adolf Hitlerstrasse (ulica S\u0142owia\u0144ska) w stron\u0119 budynku poczty. Leszno, 1942"},"content":{"rendered":"<p><a href=\"http:\/\/leszno1939-45.muzeumleszno.pl\/wp-content\/uploads\/2019\/07\/MH_1285_a.jpg\" data-rel=\"lightbox-image-0\" data-rl_title=\"\" data-rl_caption=\"\" title=\"\"><img loading=\"lazy\" decoding=\"async\" class=\"alignnone size-full wp-image-146\" src=\"http:\/\/leszno1939-45.muzeumleszno.pl\/wp-content\/uploads\/2019\/07\/MH_1285_a.jpg\" alt=\"\" width=\"800\" height=\"528\" srcset=\"http:\/\/leszno1939-45.muzeumleszno.pl\/wp-content\/uploads\/2019\/07\/MH_1285_a.jpg 800w, http:\/\/leszno1939-45.muzeumleszno.pl\/wp-content\/uploads\/2019\/07\/MH_1285_a-300x198.jpg 300w, http:\/\/leszno1939-45.muzeumleszno.pl\/wp-content\/uploads\/2019\/07\/MH_1285_a-768x507.jpg 768w\" sizes=\"auto, (max-width: 800px) 100vw, 800px\" \/><\/a><\/p>\n<p style=\"text-align: left;\" align=\"JUSTIFY\">Widok na Adolf Hitlerstrasse (ulica S\u0142owia\u0144ska) w stron\u0119 budynku poczty. Leszno, 1942 r. Awers <a href=\"http:\/\/leszno1939-45.muzeumleszno.pl\/wp-content\/uploads\/2019\/07\/MH_1285_r.jpg\" data-rel=\"lightbox-image-1\" data-rl_title=\"\" data-rl_caption=\"\" title=\"\"><img loading=\"lazy\" decoding=\"async\" class=\"alignnone size-full wp-image-147\" src=\"http:\/\/leszno1939-45.muzeumleszno.pl\/wp-content\/uploads\/2019\/07\/MH_1285_r.jpg\" alt=\"\" width=\"800\" height=\"542\" srcset=\"http:\/\/leszno1939-45.muzeumleszno.pl\/wp-content\/uploads\/2019\/07\/MH_1285_r.jpg 800w, http:\/\/leszno1939-45.muzeumleszno.pl\/wp-content\/uploads\/2019\/07\/MH_1285_r-300x203.jpg 300w, http:\/\/leszno1939-45.muzeumleszno.pl\/wp-content\/uploads\/2019\/07\/MH_1285_r-768x520.jpg 768w\" sizes=\"auto, (max-width: 800px) 100vw, 800px\" \/><\/a><\/p>\n<p align=\"JUSTIFY\">Widok na Adolf Hitlerstrasse (ulica S\u0142owia\u0144ska) w stron\u0119 budynku poczty. Leszno, 1942 r. Rewers<\/p>\n","protected":false},"excerpt":{"rendered":"<p>Widok na Adolf Hitlerstrasse (ulica S\u0142owia\u0144ska) w stron\u0119 budynku poczty. Leszno, 1942 r. Awers Widok na Adolf Hitlerstrasse (ulica S\u0142owia\u0144ska) w stron\u0119 budynku poczty. Leszno, 1942 r. Rewers<\/p>\n","protected":false},"author":2,"featured_media":146,"comment_status":"closed","ping_status":"open","sticky":false,"template":"","format":"standard","meta":{"footnotes":""},"categories":[10],"tags":[62,19,64,63],"class_list":["post-407","post","type-post","status-publish","format-standard","has-post-thumbnail","hentry","category-10","tag-adolf-hitlerstrasse","tag-leszno","tag-poczta","tag-slowianska"],"_links":{"self":[{"href":"http:\/\/leszno1939-45.muzeumleszno.pl\/index.php\/wp-json\/wp\/v2\/posts\/407","targetHints":{"allow":["GET"]}}],"collection":[{"href":"http:\/\/leszno1939-45.muzeumleszno.pl\/index.php\/wp-json\/wp\/v2\/posts"}],"about":[{"href":"http:\/\/leszno1939-45.muzeumleszno.pl\/index.php\/wp-json\/wp\/v2\/types\/post"}],"author":[{"embeddable":true,"href":"http:\/\/leszno1939-45.muzeumleszno.pl\/index.php\/wp-json\/wp\/v2\/users\/2"}],"replies":[{"embeddable":true,"href":"http:\/\/leszno1939-45.muzeumleszno.pl\/index.php\/wp-json\/wp\/v2\/comments?post=407"}],"version-history":[{"count":6,"href":"http:\/\/leszno1939-45.muzeumleszno.pl\/index.php\/wp-json\/wp\/v2\/posts\/407\/revisions"}],"predecessor-version":[{"id":1116,"href":"http:\/\/leszno1939-45.muzeumleszno.pl\/index.php\/wp-json\/wp\/v2\/posts\/407\/revisions\/1116"}],"wp:featuredmedia":[{"embeddable":true,"href":"http:\/\/leszno1939-45.muzeumleszno.pl\/index.php\/wp-json\/wp\/v2\/media\/146"}],"wp:attachment":[{"href":"http:\/\/leszno1939-45.muzeumleszno.pl\/index.php\/wp-json\/wp\/v2\/media?parent=407"}],"wp:term":[{"taxonomy":"category","embeddable":true,"href":"http:\/\/leszno1939-45.muzeumleszno.pl\/index.php\/wp-json\/wp\/v2\/categories?post=407"},{"taxonomy":"post_tag","embeddable":true,"href":"http:\/\/leszno1939-45.muzeumleszno.pl\/index.php\/wp-json\/wp\/v2\/tags?post=407"}],"curies":[{"name":"wp","href":"https:\/\/api.w.org\/{rel}","templated":true}]}}