{"id":419,"date":"1943-03-20T17:13:52","date_gmt":"1943-03-20T16:13:52","guid":{"rendered":"http:\/\/leszno1939-45.muzeumleszno.pl\/?p=419"},"modified":"2019-08-06T14:06:31","modified_gmt":"2019-08-06T12:06:31","slug":"gimnazjum-im-kanta-w-glebi-widoczna-siedziba-nsdap-leszno-pomiedzy-1939-a-1945-r","status":"publish","type":"post","link":"http:\/\/leszno1939-45.muzeumleszno.pl\/index.php\/1943\/03\/20\/gimnazjum-im-kanta-w-glebi-widoczna-siedziba-nsdap-leszno-pomiedzy-1939-a-1945-r\/","title":{"rendered":"Gimnazjum im. Kanta, w g\u0142\u0119bi widoczna siedziba NSDAP. Leszno, 1943"},"content":{"rendered":"<p><a href=\"http:\/\/leszno1939-45.muzeumleszno.pl\/wp-content\/uploads\/2019\/07\/MH_1324_a.jpg\" data-rel=\"lightbox-image-0\" data-rl_title=\"\" data-rl_caption=\"\" title=\"\"><img loading=\"lazy\" decoding=\"async\" class=\"alignnone size-large wp-image-150\" src=\"http:\/\/leszno1939-45.muzeumleszno.pl\/wp-content\/uploads\/2019\/07\/MH_1324_a-683x1024.jpg\" alt=\"\" width=\"683\" height=\"1024\" srcset=\"http:\/\/leszno1939-45.muzeumleszno.pl\/wp-content\/uploads\/2019\/07\/MH_1324_a-683x1024.jpg 683w, http:\/\/leszno1939-45.muzeumleszno.pl\/wp-content\/uploads\/2019\/07\/MH_1324_a-200x300.jpg 200w, http:\/\/leszno1939-45.muzeumleszno.pl\/wp-content\/uploads\/2019\/07\/MH_1324_a-768x1152.jpg 768w, http:\/\/leszno1939-45.muzeumleszno.pl\/wp-content\/uploads\/2019\/07\/MH_1324_a.jpg 1267w\" sizes=\"auto, (max-width: 683px) 100vw, 683px\" \/><\/a><\/p>\n<p style=\"text-align: left;\" align=\"JUSTIFY\">Gimnazjum im. Kanta, w g\u0142\u0119bi widoczna siedziba NSDAP, oba budynki s\u0105 po\u0142o\u017cone przy dzisiejszej ulicy Karola Kurpi\u0144skiego, 1943 r. Awers<a href=\"http:\/\/leszno1939-45.muzeumleszno.pl\/wp-content\/uploads\/2019\/07\/MH_1324_r.jpg\" data-rel=\"lightbox-image-1\" data-rl_title=\"\" data-rl_caption=\"\" title=\"\"><img loading=\"lazy\" decoding=\"async\" class=\"alignnone size-large wp-image-151\" src=\"http:\/\/leszno1939-45.muzeumleszno.pl\/wp-content\/uploads\/2019\/07\/MH_1324_r-1024x687.jpg\" alt=\"\" width=\"810\" height=\"543\" srcset=\"http:\/\/leszno1939-45.muzeumleszno.pl\/wp-content\/uploads\/2019\/07\/MH_1324_r-1024x687.jpg 1024w, http:\/\/leszno1939-45.muzeumleszno.pl\/wp-content\/uploads\/2019\/07\/MH_1324_r-300x201.jpg 300w, http:\/\/leszno1939-45.muzeumleszno.pl\/wp-content\/uploads\/2019\/07\/MH_1324_r-768x515.jpg 768w, http:\/\/leszno1939-45.muzeumleszno.pl\/wp-content\/uploads\/2019\/07\/MH_1324_r.jpg 1900w\" sizes=\"auto, (max-width: 810px) 100vw, 810px\" \/><\/a><\/p>\n<p align=\"JUSTIFY\">Gimnazjum im. Kanta, w g\u0142\u0119bi widoczna siedziba NSDAP, oba budynki s\u0105 po\u0142o\u017cone przy dzisiejszej ulicy Karola Kurpi\u0144skiego, 1943 r. Rewers<\/p>\n<p style=\"text-align: left;\" align=\"JUSTIFY\">\n","protected":false},"excerpt":{"rendered":"<p>Gimnazjum im. Kanta, w g\u0142\u0119bi widoczna siedziba NSDAP, oba budynki s\u0105 po\u0142o\u017cone przy dzisiejszej ulicy Karola Kurpi\u0144skiego, 1943 r. Awers Gimnazjum im. Kanta, w g\u0142\u0119bi widoczna siedziba NSDAP, oba budynki s\u0105 po\u0142o\u017cone przy dzisiejszej ulicy Karola Kurpi\u0144skiego, 1943 r. Rewers<\/p>\n","protected":false},"author":2,"featured_media":150,"comment_status":"closed","ping_status":"open","sticky":false,"template":"","format":"standard","meta":{"footnotes":""},"categories":[11],"tags":[68,19],"class_list":["post-419","post","type-post","status-publish","format-standard","has-post-thumbnail","hentry","category-11","tag-gimnazjum-im-kanta","tag-leszno"],"_links":{"self":[{"href":"http:\/\/leszno1939-45.muzeumleszno.pl\/index.php\/wp-json\/wp\/v2\/posts\/419","targetHints":{"allow":["GET"]}}],"collection":[{"href":"http:\/\/leszno1939-45.muzeumleszno.pl\/index.php\/wp-json\/wp\/v2\/posts"}],"about":[{"href":"http:\/\/leszno1939-45.muzeumleszno.pl\/index.php\/wp-json\/wp\/v2\/types\/post"}],"author":[{"embeddable":true,"href":"http:\/\/leszno1939-45.muzeumleszno.pl\/index.php\/wp-json\/wp\/v2\/users\/2"}],"replies":[{"embeddable":true,"href":"http:\/\/leszno1939-45.muzeumleszno.pl\/index.php\/wp-json\/wp\/v2\/comments?post=419"}],"version-history":[{"count":7,"href":"http:\/\/leszno1939-45.muzeumleszno.pl\/index.php\/wp-json\/wp\/v2\/posts\/419\/revisions"}],"predecessor-version":[{"id":1106,"href":"http:\/\/leszno1939-45.muzeumleszno.pl\/index.php\/wp-json\/wp\/v2\/posts\/419\/revisions\/1106"}],"wp:featuredmedia":[{"embeddable":true,"href":"http:\/\/leszno1939-45.muzeumleszno.pl\/index.php\/wp-json\/wp\/v2\/media\/150"}],"wp:attachment":[{"href":"http:\/\/leszno1939-45.muzeumleszno.pl\/index.php\/wp-json\/wp\/v2\/media?parent=419"}],"wp:term":[{"taxonomy":"category","embeddable":true,"href":"http:\/\/leszno1939-45.muzeumleszno.pl\/index.php\/wp-json\/wp\/v2\/categories?post=419"},{"taxonomy":"post_tag","embeddable":true,"href":"http:\/\/leszno1939-45.muzeumleszno.pl\/index.php\/wp-json\/wp\/v2\/tags?post=419"}],"curies":[{"name":"wp","href":"https:\/\/api.w.org\/{rel}","templated":true}]}}